{"id":1507,"date":"2023-11-01T18:53:10","date_gmt":"2023-11-01T18:53:10","guid":{"rendered":"http:\/\/localhost\/ftdanse\/?p=1507"},"modified":"2023-12-30T14:01:39","modified_gmt":"2023-12-30T14:01:39","slug":"hommage-a-m-ziad-al-ayadi-president-de-la-federation-tunisienne-de-danse-et-dactivites-paralleles","status":"publish","type":"post","link":"https:\/\/www.ftdanse.tn\/fr\/hommage-a-m-ziad-al-ayadi-president-de-la-federation-tunisienne-de-danse-et-dactivites-paralleles\/","title":{"rendered":"HOMMAGE \u00c0 M. ZIAD AL-AYADI, PR\u00c9SIDENT DE LA F\u00c9D\u00c9RATION TUNISIENNE DE DANSE ET D\u2019ACTIVIT\u00c9S PARALL\u00c8LES"},"content":{"rendered":"<p>Ce matin, mardi 28 f\u00e9vrier 2023, le ministre de la Jeunesse et des Sports, M. Kamal Dakish, accompagn\u00e9 du pr\u00e9sident du Diwan, M. Shukri bin Hassan, a honor\u00e9 les chefs et repr\u00e9sentants des bureaux temporaires de gestion des f\u00e9d\u00e9rations de plusieurs des f\u00e9d\u00e9rations sportives.<\/p>\n\n\n\n<figure class=\"wp-block-image size-full\"><img decoding=\"async\" src=\"http:\/\/localhost\/ftdanse\/wp-content\/uploads\/2023\/11\/331738521_1647735432355208_1656135897360221259_n.jpeg\" alt=\"\" class=\"wp-image-1509\"\/><\/figure>\n\n\n\n<p>Au cours de cette r\u00e9union, \u00e0 laquelle ont particip\u00e9 le directeur g\u00e9n\u00e9ral des sports, M. Maher Merih, et plusieurs cadres du minist\u00e8re, le ministre a soulign\u00e9 le r\u00f4le positif jou\u00e9 par les membres des instances dirigeantes dans le soutien au sport et la fourniture des meilleurs moyens mat\u00e9riels et logistiques. conditions pour les athl\u00e8tes, pour obtenir les meilleurs r\u00e9sultats et hisser le drapeau national dans les forums internationaux et r\u00e9gionaux.<\/p>\n\n\n\n<p><\/p>","protected":false},"excerpt":{"rendered":"<p>Ce matin, mardi 28 f\u00e9vrier 2023, le ministre de la Jeunesse et des Sports, M. Kamal Dakish, accompagn\u00e9 du pr\u00e9sident du Diwan, M. Shukri bin Hassan, a honor\u00e9 les chefs et repr\u00e9sentants des bureaux temporaires de gestion des f\u00e9d\u00e9rations de plusieurs des f\u00e9d\u00e9rations sportives. Au cours de cette r\u00e9union, \u00e0 laquelle ont particip\u00e9 le directeur&#8230;<\/p>","protected":false},"author":2,"featured_media":2891,"comment_status":"open","ping_status":"closed","sticky":false,"template":"","format":"standard","meta":{"_monsterinsights_skip_tracking":false,"_monsterinsights_sitenote_active":false,"_monsterinsights_sitenote_note":"","_monsterinsights_sitenote_category":0,"footnotes":""},"categories":[92],"tags":[],"aioseo_notices":[],"_links":{"self":[{"href":"https:\/\/www.ftdanse.tn\/fr\/wp-json\/wp\/v2\/posts\/1507"}],"collection":[{"href":"https:\/\/www.ftdanse.tn\/fr\/wp-json\/wp\/v2\/posts"}],"about":[{"href":"https:\/\/www.ftdanse.tn\/fr\/wp-json\/wp\/v2\/types\/post"}],"author":[{"embeddable":true,"href":"https:\/\/www.ftdanse.tn\/fr\/wp-json\/wp\/v2\/users\/2"}],"replies":[{"embeddable":true,"href":"https:\/\/www.ftdanse.tn\/fr\/wp-json\/wp\/v2\/comments?post=1507"}],"version-history":[{"count":1,"href":"https:\/\/www.ftdanse.tn\/fr\/wp-json\/wp\/v2\/posts\/1507\/revisions"}],"predecessor-version":[{"id":2892,"href":"https:\/\/www.ftdanse.tn\/fr\/wp-json\/wp\/v2\/posts\/1507\/revisions\/2892"}],"wp:featuredmedia":[{"embeddable":true,"href":"https:\/\/www.ftdanse.tn\/fr\/wp-json\/wp\/v2\/media\/2891"}],"wp:attachment":[{"href":"https:\/\/www.ftdanse.tn\/fr\/wp-json\/wp\/v2\/media?parent=1507"}],"wp:term":[{"taxonomy":"category","embeddable":true,"href":"https:\/\/www.ftdanse.tn\/fr\/wp-json\/wp\/v2\/categories?post=1507"},{"taxonomy":"post_tag","embeddable":true,"href":"https:\/\/www.ftdanse.tn\/fr\/wp-json\/wp\/v2\/tags?post=1507"}],"curies":[{"name":"wp","href":"https:\/\/api.w.org\/{rel}","templated":true}]}}